{"id":3739,"date":"2023-11-28T09:25:02","date_gmt":"2023-11-28T14:25:02","guid":{"rendered":"https:\/\/cultural.edu.pe\/ilo\/entregaron-donaciones-al-albergue-san-benito-de-cottolengo\/"},"modified":"2023-11-28T09:25:02","modified_gmt":"2023-11-28T14:25:02","slug":"entregaron-donaciones-al-albergue-san-benito-de-cottolengo","status":"publish","type":"post","link":"https:\/\/cultural.edu.pe\/ilo\/entregaron-donaciones-al-albergue-san-benito-de-cottolengo\/","title":{"rendered":"Entregaron donaciones al Albergue San Benito de Cottolengo"},"content":{"rendered":"<div>El \u00faltimo lunes 20 de noviembre el equipo del Cultural lleg\u00f3 hasta la Casa Hogar de ni\u00f1os especiales San Benito de Cottolengo para celebrar el D\u00eda Internacional del Ni\u00f1o.<\/div>\n","protected":false},"excerpt":{"rendered":"<div>El \u00faltimo lunes 20 de noviembre el equipo del Cultural lleg\u00f3 hasta la Casa Hogar de ni\u00f1os especiales San Benito de Cottolengo para celebrar el D\u00eda Internacional del Ni\u00f1o.<\/div>\n","protected":false},"author":7,"featured_media":0,"comment_status":"closed","ping_status":"closed","sticky":false,"template":"","format":"standard","meta":{"footnotes":""},"categories":[3],"tags":[],"class_list":["post-3739","post","type-post","status-publish","format-standard","hentry","category-noticias"],"acf":[],"_links":{"self":[{"href":"https:\/\/cultural.edu.pe\/ilo\/wp-json\/wp\/v2\/posts\/3739","targetHints":{"allow":["GET"]}}],"collection":[{"href":"https:\/\/cultural.edu.pe\/ilo\/wp-json\/wp\/v2\/posts"}],"about":[{"href":"https:\/\/cultural.edu.pe\/ilo\/wp-json\/wp\/v2\/types\/post"}],"author":[{"embeddable":true,"href":"https:\/\/cultural.edu.pe\/ilo\/wp-json\/wp\/v2\/users\/7"}],"replies":[{"embeddable":true,"href":"https:\/\/cultural.edu.pe\/ilo\/wp-json\/wp\/v2\/comments?post=3739"}],"version-history":[{"count":0,"href":"https:\/\/cultural.edu.pe\/ilo\/wp-json\/wp\/v2\/posts\/3739\/revisions"}],"wp:attachment":[{"href":"https:\/\/cultural.edu.pe\/ilo\/wp-json\/wp\/v2\/media?parent=3739"}],"wp:term":[{"taxonomy":"category","embeddable":true,"href":"https:\/\/cultural.edu.pe\/ilo\/wp-json\/wp\/v2\/categories?post=3739"},{"taxonomy":"post_tag","embeddable":true,"href":"https:\/\/cultural.edu.pe\/ilo\/wp-json\/wp\/v2\/tags?post=3739"}],"curies":[{"name":"wp","href":"https:\/\/api.w.org\/{rel}","templated":true}]}}