{"id":3542,"date":"2021-03-31T11:19:41","date_gmt":"2021-03-31T16:19:41","guid":{"rendered":"https:\/\/cultural.edu.pe\/ilo\/comunicado-atencion-por-semana-santa\/"},"modified":"2021-03-31T11:19:41","modified_gmt":"2021-03-31T16:19:41","slug":"comunicado-atencion-por-semana-santa","status":"publish","type":"post","link":"https:\/\/cultural.edu.pe\/ilo\/comunicado-atencion-por-semana-santa\/","title":{"rendered":"Comunicado \u2013 Atenci\u00f3n por Semana Santa"},"content":{"rendered":"<p>Comunicado oficial respecto a los d\u00edas feriados por Semana Santa (atenci\u00f3n, matr\u00edculas y compra de libros)<\/p>\n","protected":false},"excerpt":{"rendered":"<p>Comunicado oficial respecto a los d\u00edas feriados por Semana Santa (atenci\u00f3n, matr\u00edculas y compra de libros)<\/p>\n","protected":false},"author":7,"featured_media":0,"comment_status":"closed","ping_status":"closed","sticky":false,"template":"","format":"standard","meta":{"footnotes":""},"categories":[1],"tags":[],"class_list":["post-3542","post","type-post","status-publish","format-standard","hentry","category-sin-categoria"],"acf":[],"_links":{"self":[{"href":"https:\/\/cultural.edu.pe\/ilo\/wp-json\/wp\/v2\/posts\/3542","targetHints":{"allow":["GET"]}}],"collection":[{"href":"https:\/\/cultural.edu.pe\/ilo\/wp-json\/wp\/v2\/posts"}],"about":[{"href":"https:\/\/cultural.edu.pe\/ilo\/wp-json\/wp\/v2\/types\/post"}],"author":[{"embeddable":true,"href":"https:\/\/cultural.edu.pe\/ilo\/wp-json\/wp\/v2\/users\/7"}],"replies":[{"embeddable":true,"href":"https:\/\/cultural.edu.pe\/ilo\/wp-json\/wp\/v2\/comments?post=3542"}],"version-history":[{"count":0,"href":"https:\/\/cultural.edu.pe\/ilo\/wp-json\/wp\/v2\/posts\/3542\/revisions"}],"wp:attachment":[{"href":"https:\/\/cultural.edu.pe\/ilo\/wp-json\/wp\/v2\/media?parent=3542"}],"wp:term":[{"taxonomy":"category","embeddable":true,"href":"https:\/\/cultural.edu.pe\/ilo\/wp-json\/wp\/v2\/categories?post=3542"},{"taxonomy":"post_tag","embeddable":true,"href":"https:\/\/cultural.edu.pe\/ilo\/wp-json\/wp\/v2\/tags?post=3542"}],"curies":[{"name":"wp","href":"https:\/\/api.w.org\/{rel}","templated":true}]}}