{"id":3253,"date":"2021-12-23T17:33:24","date_gmt":"2021-12-23T22:33:24","guid":{"rendered":"https:\/\/cultural.edu.pe\/ilo\/?p=3253"},"modified":"2024-04-03T09:15:55","modified_gmt":"2024-04-03T14:15:55","slug":"comunicado-atencion","status":"publish","type":"post","link":"https:\/\/cultural.edu.pe\/ilo\/comunicado-atencion\/","title":{"rendered":"Comunicado \u2013 Atenci\u00f3n por Fiestas de fin de a\u00f1o (24, 25, 31 de diciembre y 1 de enero)"},"content":{"rendered":"<p>Estimados estudiantes,<\/p>\n<p>Hacemos de su conocimiento por motivo de los feriados de fin de a\u00f1o lo siguiente:<\/p>\n<ol>\n<li>Nuestra p\u00e1gina web y portal de matr\u00edculas estar\u00e1n completamente disponibles con normalidad (<a href=\"https:\/\/portalacademico.cultural.edu.pe\/web\/\">https:\/\/portalacademico.cultural.edu.pe\/web\/<\/a>). Recuerda que puedes hacer tu matr\u00edcula por este medio de forma 100% virtual y si tienes dudas de c\u00f3mo matricularte, puedes revisar el siguiente manual:\u00a0<a href=\"http:\/\/bit.ly\/PasosCultural\" target=\"_blank\" rel=\"noopener\">http:\/\/bit.ly\/PasosCultural<\/a><\/li>\n<li>El viernes 24 atenderemos de forma regular en todos nuestros canales de atenci\u00f3n hasta las 12:00 pm (mediod\u00eda). El s\u00e1bado 25 de diciembre, no estar\u00e1n activos nuestros canales de atenci\u00f3n personalizados de nuestra central telef\u00f3nica, redes sociales, caja, Informes ni Servicios Acad\u00e9micos. La atenci\u00f3n de todos nuestros canales se retomar\u00e1 con normalidad el d\u00eda lunes 27 de diciembre.<\/li>\n<li>El viernes 31 de diciembre tambi\u00e9n atenderemos de forma regular en todos nuestros canales de atenci\u00f3n hasta las 12:00 pm (mediod\u00eda). El s\u00e1bado 1 de enero, no estar\u00e1n activos nuestros canales de atenci\u00f3n personalizados de nuestra central telef\u00f3nica, redes sociales, caja, Informes ni Servicios Acad\u00e9micos. La atenci\u00f3n de todos nuestros canales se retomar\u00e1 con normalidad el lunes 3 de enero del 2022.<\/li>\n<li>Pero podr\u00e1s hacer tus consultas o solicitudes referentes a matr\u00edculas, caja y servicios acad\u00e9micos en el mismo horario de atenci\u00f3n mencionado en los puntos 2 y 3, a trav\u00e9s de los siguientes formularios:<\/li>\n<\/ol>\n<ul>\n<li style=\"list-style-type: none;\">\n<ul>\n<li>Matr\u00edculas y caja:\u00a0<a href=\"https:\/\/bit.ly\/Atenci\u00f3nVentas_Ilo\" target=\"_blank\" rel=\"noopener\">https:\/\/bit.ly\/Atenci\u00f3nVentas_Ilo<\/a><\/li>\n<li>Servicios acad\u00e9micos:\u00a0 <a href=\"https:\/\/bit.ly\/ServiciosAcademicos\" target=\"_blank\" rel=\"noopener\">https:\/\/bit.ly\/ServiciosAcademicos<\/a><\/li>\n<\/ul>\n<\/li>\n<\/ul>\n<p>En referencia a la compra y entrega de libros, ten en cuenta las siguientes consideraciones:<\/p>\n<ol>\n<li>La venta de libros se mantendr\u00e1 con total normalidad mediante el portal acad\u00e9mico.<\/li>\n<li>Se suspenden las entregas a domicilio durante esos d\u00edas (25 de diciembre y el 1 de enero).\u00a0<strong>Estos d\u00edas no deber\u00e1n ser considerado como parte del tiempo de entrega.<\/strong><\/li>\n<\/ol>\n","protected":false},"excerpt":{"rendered":"<p>Hacemos de su conocimiento la siguiente informaci\u00f3n por motivos de los feriados de fin de a\u00f1o.<\/p>\n","protected":false},"author":13,"featured_media":3255,"comment_status":"closed","ping_status":"closed","sticky":false,"template":"","format":"standard","meta":{"footnotes":""},"categories":[1],"tags":[],"class_list":["post-3253","post","type-post","status-publish","format-standard","has-post-thumbnail","hentry","category-sin-categoria"],"acf":[],"_links":{"self":[{"href":"https:\/\/cultural.edu.pe\/ilo\/wp-json\/wp\/v2\/posts\/3253","targetHints":{"allow":["GET"]}}],"collection":[{"href":"https:\/\/cultural.edu.pe\/ilo\/wp-json\/wp\/v2\/posts"}],"about":[{"href":"https:\/\/cultural.edu.pe\/ilo\/wp-json\/wp\/v2\/types\/post"}],"author":[{"embeddable":true,"href":"https:\/\/cultural.edu.pe\/ilo\/wp-json\/wp\/v2\/users\/13"}],"replies":[{"embeddable":true,"href":"https:\/\/cultural.edu.pe\/ilo\/wp-json\/wp\/v2\/comments?post=3253"}],"version-history":[{"count":2,"href":"https:\/\/cultural.edu.pe\/ilo\/wp-json\/wp\/v2\/posts\/3253\/revisions"}],"predecessor-version":[{"id":3437,"href":"https:\/\/cultural.edu.pe\/ilo\/wp-json\/wp\/v2\/posts\/3253\/revisions\/3437"}],"wp:featuredmedia":[{"embeddable":true,"href":"https:\/\/cultural.edu.pe\/ilo\/wp-json\/wp\/v2\/media\/3255"}],"wp:attachment":[{"href":"https:\/\/cultural.edu.pe\/ilo\/wp-json\/wp\/v2\/media?parent=3253"}],"wp:term":[{"taxonomy":"category","embeddable":true,"href":"https:\/\/cultural.edu.pe\/ilo\/wp-json\/wp\/v2\/categories?post=3253"},{"taxonomy":"post_tag","embeddable":true,"href":"https:\/\/cultural.edu.pe\/ilo\/wp-json\/wp\/v2\/tags?post=3253"}],"curies":[{"name":"wp","href":"https:\/\/api.w.org\/{rel}","templated":true}]}}