{"id":3160,"date":"2021-06-12T10:41:21","date_gmt":"2021-06-12T15:41:21","guid":{"rendered":"https:\/\/cultural.edu.pe\/ilo\/?p=3160"},"modified":"2021-06-15T16:33:28","modified_gmt":"2021-06-15T21:33:28","slug":"sorteo-virtual-papa-me-enseno-a","status":"publish","type":"post","link":"https:\/\/cultural.edu.pe\/ilo\/sorteo-virtual-papa-me-enseno-a\/","title":{"rendered":"Sorteo virtual: Pap\u00e1 me ense\u00f1\u00f3 a&#8230;"},"content":{"rendered":"<p>[vc_row][vc_column][vc_column_text el_class=\u00bbgo-back-button\u00bb]<img loading=\"lazy\" decoding=\"async\" class=\"alignnone size-full wp-image-920\" src=\"https:\/\/cultural.edu.pe\/wp-content\/uploads\/2020\/11\/go-back.png\" alt=\"\" width=\"28\" height=\"28\" srcset=\"https:\/\/cultural.edu.pe\/ilo\/wp-content\/uploads\/2020\/11\/go-back.png 28w, https:\/\/cultural.edu.pe\/ilo\/wp-content\/uploads\/2020\/11\/go-back-20x20.png 20w\" sizes=\"auto, (max-width: 28px) 100vw, 28px\" \/> <span style=\"color: #2e3192;\">Regresar<\/span>[\/vc_column_text][vc_empty_space height=\u00bb30px\u00bb][\/vc_column][\/vc_row][vc_row][vc_column width=\u00bb3\/4&#8243; el_class=\u00bbcontentido-blog\u00bb][vc_custom_heading source=\u00bbpost_title\u00bb font_container=\u00bbtag:h1|text_align:left|color:%232e3192&#8243; use_theme_fonts=\u00bbyes\u00bb]<div class=\"ult-spacer spacer-69f4b56082ab3\" data-id=\"69f4b56082ab3\" data-height=\"50\" data-height-mobile=\"30\" data-height-tab=\"50\" data-height-tab-portrait=\"50\" data-height-mobile-landscape=\"30\" style=\"clear:both;display:block;\"><\/div>[vc_row_inner content_placement=\u00bbmiddle\u00bb el_class=\u00bbatributos-eventos-academico\u00bb][vc_column_inner width=\u00bb1\/2&#8243;]<div class=\"uavc-list-icon uavc-list-icon-wrapper ult-adjust-bottom-margin eventos-academicos-detalles  \"><ul class=\"uavc-list\"><li><div class=\"uavc-list-content\" id=\"list-icon-wrap-7458\">\n<div class=\"uavc-list-icon  \" data-animation=\"\" data-animation-delay=\"03\" style=\"margin-right:20px;\"><div class=\"ult-just-icon-wrapper  \"><div class=\"align-icon\" style=\"text-align:center;\">\n<div class=\"aio-icon none \"  style=\"color:#dd3333;font-size:30px;display:inline-block;\">\n\t<i class=\"cultural-event-calendar\"><\/i>\n<\/div><\/div><\/div>\n<\/div><span  data-ultimate-target='#list-icon-wrap-7458 .uavc-list-desc'  data-responsive-json-new='{\"font-size\":\"desktop:23px;\",\"line-height\":\"\"}'  class=\"uavc-list-desc ult-responsive\" style=\"font-weight:bold;color:#2e3192;\">18 de junio 2021<\/span><\/div><\/li><li><div class=\"uavc-list-content\" id=\"list-icon-wrap-6063\">\n<div class=\"uavc-list-icon  \" data-animation=\"\" data-animation-delay=\"03\" style=\"margin-right:20px;\"><div class=\"ult-just-icon-wrapper  \"><div class=\"align-icon\" style=\"text-align:center;\">\n<div class=\"aio-icon none \"  style=\"color:#dd3333;font-size:30px;display:inline-block;\">\n\t<i class=\"cultural-event-hora\"><\/i>\n<\/div><\/div><\/div>\n<\/div><span  data-ultimate-target='#list-icon-wrap-6063 .uavc-list-desc'  data-responsive-json-new='{\"font-size\":\"desktop:23px;\",\"line-height\":\"\"}'  class=\"uavc-list-desc ult-responsive\" style=\"font-weight:bold;color:#2e3192;\">9:00 a.m.<\/span><\/div><\/li><li><div class=\"uavc-list-content\" id=\"list-icon-wrap-6935\">\n<div class=\"uavc-list-icon  \" data-animation=\"\" data-animation-delay=\"03\" style=\"margin-right:20px;\"><div class=\"ult-just-icon-wrapper  \"><div class=\"align-icon\" style=\"text-align:center;\">\n<div class=\"aio-icon none \"  style=\"color:#dd3333;font-size:30px;display:inline-block;\">\n\t<i class=\"Defaults-facebook-official\"><\/i>\n<\/div><\/div><\/div>\n<\/div><span  data-ultimate-target='#list-icon-wrap-6935 .uavc-list-desc'  data-responsive-json-new='{\"font-size\":\"desktop:23px;\",\"line-height\":\"\"}'  class=\"uavc-list-desc ult-responsive\" style=\"font-weight:bold;color:#2e3192;\">Facebook<\/span><\/div><\/li><li><div class=\"uavc-list-content\" id=\"list-icon-wrap-1523\">\n<div class=\"uavc-list-icon  \" data-animation=\"\" data-animation-delay=\"03\" style=\"margin-right:20px;\"><div class=\"ult-just-icon-wrapper  \"><div class=\"align-icon\" style=\"text-align:center;\">\n<div class=\"aio-icon none \"  style=\"color:#dd3333;font-size:30px;display:inline-block;\">\n\t<i class=\"Defaults-check\"><\/i>\n<\/div><\/div><\/div>\n<\/div><span  data-ultimate-target='#list-icon-wrap-1523 .uavc-list-desc'  data-responsive-json-new='{\"font-size\":\"desktop:23px;\",\"line-height\":\"\"}'  class=\"uavc-list-desc ult-responsive\" style=\"font-weight:bold;color:#2e3192;\">Alumnos matriculados en el ciclo de junio<\/span><\/div><\/li><\/ul><\/div>[vc_empty_space height=\u00bb20px\u00bb][\/vc_column_inner][vc_column_inner width=\u00bb1\/2&#8243;][vc_single_image source=\u00bbfeatured_image\u00bb img_size=\u00bbfull\u00bb alignment=\u00bbcenter\u00bb css=\u00bb.vc_custom_1623512425580{border-radius: 35px !important;}\u00bb][\/vc_column_inner][\/vc_row_inner][vc_column_text]<b>BASES PARA EL SORTEO POR EL D\u00cdA DEL PADRE \u201cPAP\u00c1 ME ENSE\u00d1\u00d3 A\u201d<\/b><\/p>\n<p><b>FINALIDAD:<\/b><\/p>\n<p><span style=\"font-weight: 400;\">Para celebrar el d\u00eda del padre, el Cultural Ilo realizar\u00e1 un sorteo virtual para nuestros alumnos matriculados en el Programa de ingl\u00e9s para J\u00f3venes y Adultos, Ni\u00f1os y Adolescentes<\/span><\/p>\n<p><b>CATEGOR\u00cdAS<\/b><\/p>\n<p><b>Categor\u00eda 1: <\/b><span style=\"font-weight: 400;\">Alumnos matriculados en el ciclo de junio en los programas de ingl\u00e9s para J\u00f3venes y adultos<\/span><\/p>\n<p><b>Categor\u00eda 2: <\/b><span style=\"font-weight: 400;\">Alumnos matriculados en el ciclo de junio en los programas de ingl\u00e9s para Ni\u00f1os y Adolescentes.<\/span><\/p>\n<p><b>TEM\u00c1TICA<\/b><\/p>\n<p><b>Categor\u00eda 1: <\/b><span style=\"font-weight: 400;\">Programa de ingl\u00e9s para j\u00f3venes y adultos.<\/span><\/p>\n<p><span style=\"font-weight: 400;\">Para poder participar de nuestro sorteo \u201cPap\u00e1 me ense\u00f1o ah\u201d deber\u00e1n de seguir los siguientes pasos:\u00a0<\/span><\/p>\n<ol>\n<li style=\"font-weight: 400;\" aria-level=\"1\"><span style=\"font-weight: 400;\">\u00a0Registrarse en el siguiente formulario http:\/\/bit.ly\/Sorteo-Pap\u00e1-J\u00f3venes-Ilo\u00a0<\/span><\/li>\n<li style=\"font-weight: 400;\" aria-level=\"1\"><span style=\"font-weight: 400;\">Realizar un comentario en nuestra publicaci\u00f3n del concurso, publicado el 10 de junio, en la cual deber\u00e1n de comentar alguna actividad que pap\u00e1 nos ense\u00f1\u00f3, empezando con la frase: #Pap\u00e1MeEnse\u00f1\u00f3A<\/span><\/li>\n<li style=\"font-weight: 400;\" aria-level=\"1\"><span style=\"font-weight: 400;\">Darle me gusta a nuestra publicaci\u00f3n y compartirla en modo p\u00fablico<\/span><\/li>\n<li style=\"font-weight: 400;\" aria-level=\"1\"><span style=\"font-weight: 400;\">Los 20 comentarios con m\u00e1s reacciones (me gusta, me importa, me divierte y me sorprende) ingresar\u00e1n al sorteo de nuestro premio.<\/span><\/li>\n<\/ol>\n<p>&nbsp;<\/p>\n<p><b>Categor\u00eda 2: <\/b><span style=\"font-weight: 400;\">Programa de ingl\u00e9s para ni\u00f1os y adolescentes.<\/span><\/p>\n<p><span style=\"font-weight: 400;\">Para poder participar de nuestro sorteo \u201cPap\u00e1 me ense\u00f1o ah\u201d deber\u00e1n de seguir los siguientes pasos:<\/span><\/p>\n<ul>\n<li aria-level=\"1\"><span style=\"font-weight: 400;\">Registrarse en el siguiente formulario<\/span><span style=\"font-weight: 400;\"> http:\/\/bit.ly\/Sorteo-Pap\u00e1-Ni\u00f1os-Ilo<\/span><\/li>\n<\/ul>\n<ul>\n<li aria-level=\"1\"><span style=\"font-weight: 400;\">En el formulario deber\u00e1s adjuntar una foto realizando alguna actividad que pap\u00e1 nos ense\u00f1\u00f3 (montar bicicleta, jugar f\u00fatbol, etc.)\u00a0<\/span><\/li>\n<\/ul>\n<ul>\n<li aria-level=\"1\"><span style=\"font-weight: 400;\">Realizar una peque\u00f1a descripci\u00f3n de la fotograf\u00eda empezando con la frase \u00abPap\u00e1 me ense\u00f1\u00f3 a\u00bb<\/span><\/li>\n<\/ul>\n<p><span style=\"font-weight: 400;\">*En la fotograf\u00eda debe de aparecer el estudiante y el padre de familia<\/span><\/p>\n<p><b>CONVOCATORIA Y PARTICIPANTES\u00a0<\/b><\/p>\n<ul>\n<li style=\"font-weight: 400;\" aria-level=\"1\"><span style=\"font-weight: 400;\">La convocatoria ser\u00e1 difundida por el Cultural mediante su sitio web, redes sociales y correo electr\u00f3nico.<\/span><\/li>\n<li style=\"font-weight: 400;\" aria-level=\"1\"><span style=\"font-weight: 400;\">La convocatoria es abierta y gratuita, dirigida solamente a los estudiantes del Cultural <\/span>matriculados en el mes de junio.<\/li>\n<\/ul>\n<ul>\n<li style=\"font-weight: 400;\" aria-level=\"1\"><span style=\"font-weight: 400;\">El estudiante debe estar matriculado en el mes de junio 2021 en el programa de ingl\u00e9s para J\u00f3venes y Adultos, Ni\u00f1os.<\/span><\/li>\n<li style=\"font-weight: 400;\" aria-level=\"1\"><span style=\"font-weight: 400;\">Solo podr\u00e1 participar un estudiante por inscripci\u00f3n<\/span><span style=\"font-weight: 300;\">.<\/span><\/li>\n<\/ul>\n<p><b>INSCRIPCI\u00d3N<\/b><\/p>\n<p><span style=\"font-weight: 400;\">La inscripci\u00f3n se realizar\u00e1 llenando el formulario de inscripci\u00f3n, siguiendo los pasos correspondientes dependiendo a su programa de estudios, utilizando la frase: #Pap\u00e1MeEnse\u00f1\u00f3A<\/span><\/p>\n<p><span style=\"font-weight: 400;\">No podr\u00e1n participar alumnos que hayan ganado otros premios en concursos realizados en el 2021 por el Cultural o aliados como National Geographic y la Embajada de los Estados Unidos.<\/span><\/p>\n<p><span style=\"font-weight: 400;\">No se aceptar\u00e1 una doble participaci\u00f3n, si se inscribe en este concurso no podr\u00e1 postular a ning\u00fan otro realizado por el Cultural Ilo en el mes de junio.<\/span><\/p>\n<p><b>FORMULARIO DE REGISTRO<\/b><\/p>\n<p><span style=\"font-weight: 400;\">Los formularios de registro contar\u00e1n con la siguiente informaci\u00f3n:<\/span><\/p>\n<p><b>Categor\u00eda 1:<\/b><span style=\"font-weight: 400;\"> Formulario para alumnos de los programas de ingl\u00e9s para J\u00f3venes y adultos y Profesionales.<\/span><\/p>\n<ul>\n<li><span style=\"font-weight: 400;\">Nombres y apellidos<\/span><\/li>\n<li style=\"font-weight: 400;\" aria-level=\"1\"><span style=\"font-weight: 400;\">N\u00famero de DNI<\/span><\/li>\n<li style=\"font-weight: 400;\" aria-level=\"1\"><span style=\"font-weight: 400;\">Tel\u00e9fono o n\u00famero de contacto<\/span><\/li>\n<li style=\"font-weight: 400;\" aria-level=\"1\"><span style=\"font-weight: 400;\">Correo de Gmail<\/span><\/li>\n<li style=\"font-weight: 400;\" aria-level=\"1\"><span style=\"font-weight: 400;\">C\u00f3digo de alumno<\/span><\/li>\n<li style=\"font-weight: 400;\" aria-level=\"1\"><span style=\"font-weight: 400;\">Usuario de Facebook o link de Facebook<\/span><\/li>\n<\/ul>\n<p><b>Categor\u00eda 2:<\/b><span style=\"font-weight: 400;\"> Formulario para alumnos de los programas de ingl\u00e9s para Ni\u00f1os y adolescentes y Junior Plus.<\/span><\/p>\n<ul>\n<li style=\"font-weight: 400;\" aria-level=\"1\"><span style=\"font-weight: 400;\">Nombres y apellidos del estudiante<\/span><\/li>\n<li style=\"font-weight: 400;\" aria-level=\"1\"><span style=\"font-weight: 400;\">N\u00famero de DNI<\/span><\/li>\n<li style=\"font-weight: 400;\" aria-level=\"1\"><span style=\"font-weight: 400;\">N\u00famero de contacto<\/span><\/li>\n<li style=\"font-weight: 400;\" aria-level=\"1\"><span style=\"font-weight: 400;\">C\u00f3digo de alumno<\/span><\/li>\n<li style=\"font-weight: 400;\" aria-level=\"1\"><span style=\"font-weight: 400;\">Correo de Gmail<\/span><\/li>\n<li style=\"font-weight: 400;\" aria-level=\"1\"><span style=\"font-weight: 400;\">Nombres y apellidos del apoderado<\/span><\/li>\n<li style=\"font-weight: 400;\" aria-level=\"1\"><span style=\"font-weight: 400;\">DNI del apoderado<\/span><\/li>\n<li style=\"font-weight: 400;\" aria-level=\"1\"><span style=\"font-weight: 400;\">Autorizo a mi menor hijo a participar del sorteo (si\/no)<\/span><\/li>\n<li style=\"font-weight: 400;\" aria-level=\"1\"><span style=\"font-weight: 400;\">Adjuntar fotograf\u00eda<\/span><\/li>\n<li style=\"font-weight: 400;\" aria-level=\"1\"><span style=\"font-weight: 400;\">Descripci\u00f3n de la fotograf\u00eda (No olvides utilizar la frase \u201cPap\u00e1 me ense\u00f1\u00f3 a\u201d<\/span><\/li>\n<li style=\"font-weight: 400;\" aria-level=\"1\"><span style=\"font-weight: 400;\">Permito el uso de la imagen adjunta para ser publicada en las redes sociales del Cultural (Si\/No)<\/span><\/li>\n<li style=\"font-weight: 400;\" aria-level=\"1\"><span style=\"font-weight: 400;\">El formulario deber\u00e1 ser llenado y enviado hasta el <\/span><b>viernes 18 de junio a<\/b><span style=\"font-weight: 400;\"> las 9:00 a.m. Las inscripciones se realizar\u00e1n a partir del s\u00e1bado 12 de junio.<\/span><\/li>\n<\/ul>\n<p><b>FECHAS<\/b><\/p>\n<ul>\n<li style=\"font-weight: 400;\" aria-level=\"1\"><span style=\"font-weight: 400;\">Inicio de convocatoria <\/span><b>12 de junio<\/b><span style=\"font-weight: 400;\">.<\/span><\/li>\n<li style=\"font-weight: 400;\" aria-level=\"1\"><span style=\"font-weight: 400;\">Fin de convocatoria <\/span><b>18 de junio<\/b><span style=\"font-weight: 400;\">.<\/span><\/li>\n<li style=\"font-weight: 400;\" aria-level=\"1\"><span style=\"font-weight: 400;\">Anuncio del ganador <\/span><b>18 de junio.<\/b><\/li>\n<\/ul>\n<p><b>PREMIOS<\/b><\/p>\n<p><span style=\"font-weight: 400;\">Se otorgar\u00e1 1 premio por categor\u00eda\u00a0\u00a0<\/span><\/p>\n<ul>\n<li style=\"font-weight: 400;\" aria-level=\"1\"><span style=\"font-weight: 400;\">Una cena para pap\u00e1 a modo de delivery.<\/span><\/li>\n<li style=\"font-weight: 400;\" aria-level=\"1\"><span style=\"font-weight: 400;\">Descuento de S\/. 50.00 para la matr\u00edcula del ciclo de julio 2021 en cualquiera de nuestras modalidades (lunes a viernes, interdiario, dos veces por semana, intensivo, super intensivo, fin de semana).<\/span><\/li>\n<\/ul>\n<p><b>RESPONDABILIDAD DE LOS PARTICIPANTES<\/b><\/p>\n<ul>\n<li><span style=\"font-weight: 400;\">Solo ingresar\u00e1n al sorteo los comentarios que se realizaron en la publicaci\u00f3n original del <\/span><b>12 de junio <\/b><span style=\"font-weight: 400;\">para la categor\u00eda 1.<\/span><\/li>\n<li style=\"font-weight: 400;\" aria-level=\"1\"><span style=\"font-weight: 400;\">Solo ingresar\u00e1n al sorteo las inscripciones y fotograf\u00edas adjuntadas en el formulario de registro hasta el <\/span><b>viernes 18 de junio hasta las 9:00 a.m<\/b><span style=\"font-weight: 400;\">. para la categor\u00eda 2.<\/span><\/li>\n<li style=\"font-weight: 400;\" aria-level=\"1\"><span style=\"font-weight: 400;\">El comentario debe de empezar con la frase <\/span><b>#Pap\u00e1MeEnse\u00f1\u00f3A<\/b><\/li>\n<li style=\"font-weight: 400;\" aria-level=\"1\"><span style=\"font-weight: 400;\">El <\/span><b>delivery <\/b><span style=\"font-weight: 400;\">solo es para la Ciudad de Ilo.<\/span><\/li>\n<li style=\"font-weight: 400;\" aria-level=\"1\"><span style=\"font-weight: 400;\">El <\/span><b>descuento de S\/ 50.00 <\/b><span style=\"font-weight: 400;\">soles solo es para la pensi\u00f3n del ciclo de Julio 2021.<\/span><\/li>\n<li style=\"font-weight: 400;\" aria-level=\"1\"><span style=\"font-weight: 400;\">El <\/span><b>descuento de S\/ 50.00 <\/b><span style=\"font-weight: 400;\">soles es v\u00e1lido para todos nuestros programas en todas sus modalidades (J\u00f3venes y adultos, Profesionales, Ni\u00f1os y Adolescentes.<\/span><\/li>\n<\/ul>\n<p><b>CONDICIONES GENERALES<\/b><\/p>\n<ul>\n<li><span style=\"font-weight: 400;\">Las cenas parrilleras ser\u00e1n enviadas mediante delivery el s\u00e1bado 19 de junio en la tarde.<\/span><\/li>\n<li style=\"font-weight: 400;\" aria-level=\"1\"><span style=\"font-weight: 400;\">No hay opciones a cambio.<\/span><\/li>\n<li style=\"font-weight: 400;\" aria-level=\"1\"><span style=\"font-weight: 400;\">Lo no estipulado en las presentes bases generales ser\u00e1 resuelto en su momento por el comit\u00e9 organizador.<\/span><\/li>\n<\/ul>\n<p>[\/vc_column_text][\/vc_column][vc_column width=\u00bb1\/4&#8243; el_class=\u00bbsiderbar-blog\u00bb][vc_custom_heading text=\u00bbOtros eventos\u00bb font_container=\u00bbtag:p|text_align:center|color:%23ffffff\u00bb use_theme_fonts=\u00bbyes\u00bb link=\u00bburl:https%3A%2F%2Fcultural.edu.pe%2Feventos-academicos%2F\u00bb el_class=\u00bbotras-noticias-titulo\u00bb][vc_basic_grid post_type=\u00bbpost\u00bb max_items=\u00bb2&#8243; element_width=\u00bb12&#8243; gap=\u00bb0&#8243; orderby=\u00bbmeta_value\u00bb item=\u00bb3083&#8243; grid_id=\u00bbvc_gid:1623792760605-92b9cc1a-afbc-6&#8243; taxonomies=\u00bb33&#8243; meta_key=\u00bbfecha_completa_del_evento_(a\u00f1o-mes-dia)\u00bb][\/vc_column][\/vc_row][vc_row][vc_column][vc_empty_space height=\u00bb70px\u00bb][\/vc_column][\/vc_row]<\/p>\n","protected":false},"excerpt":{"rendered":"<p>Participa en nuestro sorteo virtual por el d\u00eda del padre. Descubre mas detalles aqu\u00ed.<\/p>\n","protected":false},"author":7,"featured_media":3161,"comment_status":"closed","ping_status":"closed","sticky":false,"template":"","format":"standard","meta":{"footnotes":""},"categories":[33],"tags":[],"class_list":["post-3160","post","type-post","status-publish","format-standard","has-post-thumbnail","hentry","category-eventos-academico"],"acf":[],"_links":{"self":[{"href":"https:\/\/cultural.edu.pe\/ilo\/wp-json\/wp\/v2\/posts\/3160","targetHints":{"allow":["GET"]}}],"collection":[{"href":"https:\/\/cultural.edu.pe\/ilo\/wp-json\/wp\/v2\/posts"}],"about":[{"href":"https:\/\/cultural.edu.pe\/ilo\/wp-json\/wp\/v2\/types\/post"}],"author":[{"embeddable":true,"href":"https:\/\/cultural.edu.pe\/ilo\/wp-json\/wp\/v2\/users\/7"}],"replies":[{"embeddable":true,"href":"https:\/\/cultural.edu.pe\/ilo\/wp-json\/wp\/v2\/comments?post=3160"}],"version-history":[{"count":2,"href":"https:\/\/cultural.edu.pe\/ilo\/wp-json\/wp\/v2\/posts\/3160\/revisions"}],"predecessor-version":[{"id":3164,"href":"https:\/\/cultural.edu.pe\/ilo\/wp-json\/wp\/v2\/posts\/3160\/revisions\/3164"}],"wp:featuredmedia":[{"embeddable":true,"href":"https:\/\/cultural.edu.pe\/ilo\/wp-json\/wp\/v2\/media\/3161"}],"wp:attachment":[{"href":"https:\/\/cultural.edu.pe\/ilo\/wp-json\/wp\/v2\/media?parent=3160"}],"wp:term":[{"taxonomy":"category","embeddable":true,"href":"https:\/\/cultural.edu.pe\/ilo\/wp-json\/wp\/v2\/categories?post=3160"},{"taxonomy":"post_tag","embeddable":true,"href":"https:\/\/cultural.edu.pe\/ilo\/wp-json\/wp\/v2\/tags?post=3160"}],"curies":[{"name":"wp","href":"https:\/\/api.w.org\/{rel}","templated":true}]}}