{"id":3098,"date":"2021-05-11T13:51:02","date_gmt":"2021-05-11T18:51:02","guid":{"rendered":"https:\/\/cultural.edu.pe\/ilo\/?p=3098"},"modified":"2021-05-11T14:09:08","modified_gmt":"2021-05-11T19:09:08","slug":"concurso-virtual-de-fotografia-through-your-eyes","status":"publish","type":"post","link":"https:\/\/cultural.edu.pe\/ilo\/concurso-virtual-de-fotografia-through-your-eyes\/","title":{"rendered":"Concurso virtual de fotograf\u00eda: \u00abThrough your eyes\u00bb"},"content":{"rendered":"<p>[vc_row][vc_column][vc_column_text el_class=\u00bbgo-back-button\u00bb]<img loading=\"lazy\" decoding=\"async\" class=\"alignnone size-full wp-image-920\" src=\"https:\/\/cultural.edu.pe\/wp-content\/uploads\/2020\/11\/go-back.png\" alt=\"\" width=\"28\" height=\"28\" srcset=\"https:\/\/cultural.edu.pe\/ilo\/wp-content\/uploads\/2020\/11\/go-back.png 28w, https:\/\/cultural.edu.pe\/ilo\/wp-content\/uploads\/2020\/11\/go-back-20x20.png 20w\" sizes=\"auto, (max-width: 28px) 100vw, 28px\" \/> <span style=\"color: #2e3192;\">Regresar<\/span>[\/vc_column_text][vc_empty_space height=\u00bb30px\u00bb][\/vc_column][\/vc_row][vc_row][vc_column width=\u00bb3\/4&#8243; el_class=\u00bbcontentido-blog\u00bb][vc_custom_heading source=\u00bbpost_title\u00bb font_container=\u00bbtag:h1|text_align:left|color:%232e3192&#8243; use_theme_fonts=\u00bbyes\u00bb]<div class=\"ult-spacer spacer-69f4c74d0de5b\" data-id=\"69f4c74d0de5b\" data-height=\"50\" data-height-mobile=\"30\" data-height-tab=\"50\" data-height-tab-portrait=\"50\" data-height-mobile-landscape=\"30\" style=\"clear:both;display:block;\"><\/div>[vc_row_inner content_placement=\u00bbmiddle\u00bb el_class=\u00bbatributos-eventos-academico\u00bb][vc_column_inner width=\u00bb1\/2&#8243;]<div class=\"uavc-list-icon uavc-list-icon-wrapper ult-adjust-bottom-margin eventos-academicos-detalles  \"><ul class=\"uavc-list\"><li><div class=\"uavc-list-content\" id=\"list-icon-wrap-3990\">\n<div class=\"uavc-list-icon  \" data-animation=\"\" data-animation-delay=\"03\" style=\"margin-right:20px;\"><div class=\"ult-just-icon-wrapper  \"><div class=\"align-icon\" style=\"text-align:center;\">\n<div class=\"aio-icon none \"  style=\"color:#315fd6;font-size:30px;display:inline-block;\">\n\t<i class=\"cultural-event-calendar\"><\/i>\n<\/div><\/div><\/div>\n<\/div><span  data-ultimate-target='#list-icon-wrap-3990 .uavc-list-desc'  data-responsive-json-new='{\"font-size\":\"desktop:23px;\",\"line-height\":\"\"}'  class=\"uavc-list-desc ult-responsive\" style=\"font-weight:bold;color:#2e3192;\">Del 11 al 25 de mayo del 2021<\/span><\/div><\/li><li><div class=\"uavc-list-content\" id=\"list-icon-wrap-4592\">\n<div class=\"uavc-list-icon  \" data-animation=\"\" data-animation-delay=\"03\" style=\"margin-right:20px;\"><div class=\"ult-just-icon-wrapper  \"><div class=\"align-icon\" style=\"text-align:center;\">\n<div class=\"aio-icon none \"  style=\"color:#315fd6;font-size:30px;display:inline-block;\">\n\t<i class=\"cultural-event-hora\"><\/i>\n<\/div><\/div><\/div>\n<\/div><span  data-ultimate-target='#list-icon-wrap-4592 .uavc-list-desc'  data-responsive-json-new='{\"font-size\":\"desktop:23px;\",\"line-height\":\"\"}'  class=\"uavc-list-desc ult-responsive\" style=\"font-weight:bold;color:#2e3192;\">Hasta las 17:30 p.m.<\/span><\/div><\/li><li><div class=\"uavc-list-content\" id=\"list-icon-wrap-2400\">\n<div class=\"uavc-list-icon  \" data-animation=\"\" data-animation-delay=\"03\" style=\"margin-right:20px;\"><div class=\"ult-just-icon-wrapper  \"><div class=\"align-icon\" style=\"text-align:center;\">\n<div class=\"aio-icon none \"  style=\"color:#315fd6;font-size:30px;display:inline-block;\">\n\t<i class=\"Defaults-user\"><\/i>\n<\/div><\/div><\/div>\n<\/div><span  data-ultimate-target='#list-icon-wrap-2400 .uavc-list-desc'  data-responsive-json-new='{\"font-size\":\"desktop:23px;\",\"line-height\":\"\"}'  class=\"uavc-list-desc ult-responsive\" style=\"font-weight:bold;color:#2e3192;\">Alumnos matriculados en el ciclo de mayo 2021<\/span><\/div><\/li><li><div class=\"uavc-list-content\" id=\"list-icon-wrap-7139\">\n<div class=\"uavc-list-icon  \" data-animation=\"\" data-animation-delay=\"03\" style=\"margin-right:20px;\"><div class=\"ult-just-icon-wrapper  \"><div class=\"align-icon\" style=\"text-align:center;\">\n<div class=\"aio-icon none \"  style=\"color:#315fd6;font-size:30px;display:inline-block;\">\n\t<i class=\"Defaults-camera\"><\/i>\n<\/div><\/div><\/div>\n<\/div><span  data-ultimate-target='#list-icon-wrap-7139 .uavc-list-desc'  data-responsive-json-new='{\"font-size\":\"desktop:23px;\",\"line-height\":\"\"}'  class=\"uavc-list-desc ult-responsive\" style=\"font-weight:bold;color:#2e3192;\">Fotograf\u00eda<\/span><\/div><\/li><\/ul><\/div>[vc_empty_space height=\u00bb20px\u00bb][\/vc_column_inner][vc_column_inner width=\u00bb1\/2&#8243;][vc_single_image image=\u00bb3099&#8243; img_size=\u00bbfull\u00bb css=\u00bb.vc_custom_1620757611713{border-radius: 35px !important;}\u00bb][\/vc_column_inner][\/vc_row_inner][vc_column_text]<strong>BASES PARA EL CONCURSO VIRTUAL DE FOTOGRAF\u00cdA \u00abTHROUGH YOUR EYES\u00bb<\/strong><\/p>\n<p><strong>OBJETIVO:<\/strong><\/p>\n<p>El Centro Cultural Peruano Norteamericano sede Ilo convoca al I Concurso de fotograf\u00eda <strong>\u00abThrough your eyes\u00bb<\/strong>, iniciativa con la que se pretende impulsar la identidad regional a trav\u00e9s de la producci\u00f3n de obras de arte bajo la t\u00e9cnica de la fotograf\u00eda.<\/p>\n<p><strong>PARTICIPANTES:<\/strong><\/p>\n<p>Estudiantes matriculados en nuestro programa de ingl\u00e9s para J\u00f3venes y adultos en nuestro ciclo de mayo 2021 en cualquiera de nuestras modalidades (lunes a viernes, fin de semana, intensivo y super intensivo)<\/p>\n<p><strong>TEM\u00c1TICA<\/strong><\/p>\n<p>El tema debe representar una escena ile\u00f1a, puede ser: paisaje, arquitectura, costumbres, tradiciones, gastronom\u00eda o alguna otra escena que represente a Ilo.<\/p>\n<p><strong>PARA PARTICIPAR<\/strong><\/p>\n<p>Para poder participar de nuestro concurso virtual de fotograf\u00eda <strong>\u201cThrough your eyes\u201d<\/strong> deber\u00e1n de seguir los siguientes pasos:<\/p>\n<ol>\n<li>Representar mediante una fotograf\u00eda digital una escena ile\u00f1a, puede ser: paisaje, arquitectura, costumbres, tradiciones, gastronom\u00eda o alguna otra escena que represente a Ilo.<\/li>\n<li>Registrarse en el\u00a0siguiente formulario <a href=\"http:\/\/bit.ly\/Concurso_de_Fotograf\u00eda_Ilo\" target=\"_blank\" rel=\"noopener\">http:\/\/bit.ly\/Concurso_de_Fotograf\u00eda_Ilo<\/a><\/li>\n<li>Enviar su fotograf\u00eda digital al correo <a href=\"mailto:ilo@cultural.edu.pe\">ilo@cultural.edu.pe<\/a><\/li>\n<\/ol>\n<p><strong>DATOS DEL FORMULARIO<\/strong><\/p>\n<ul>\n<li>Nombre(s) y apellidos<\/li>\n<li>Seud\u00f3nimo<\/li>\n<li>Ciclo de estudios en el Cultural<\/li>\n<li>Correo electr\u00f3nico<\/li>\n<li>DNI<\/li>\n<li>Tel\u00e9fono<\/li>\n<li>T\u00edtulo de la obra<\/li>\n<li>Dimensiones de la obra<\/li>\n<li>Fecha de ejecuci\u00f3n<\/li>\n<\/ul>\n<p><strong>ENV\u00cdO DE MATERIAL<\/strong><\/p>\n<ul>\n<li>La fotograf\u00eda deber\u00e1 presentarse en formato digital, en formato JPG, sin comprimir, con la mayor calidad posible que tenga su dispositivo (ideal 300 ppp).<\/li>\n<li>La obra se enviar\u00e1 al siguiente correo: ilo@cultural.edu.pe, incluyendo en el asunto del mensaje lo siguiente: Concurso de fotograf\u00eda <strong>\u201cThrough your eyes\u201d<\/strong>.<\/li>\n<li>El mensaje debe incluir los siguientes datos: &#8211; Nombres y apellidos &#8211; Seud\u00f3nimo &#8211; T\u00edtulo de la obra &#8211; Celular \u2013 descripci\u00f3n de la fotograf\u00eda. As\u00ed mismo, adjuntar fotos (2) del proceso de ejecuci\u00f3n de la obra.<\/li>\n<li>La obra presentada debe ser in\u00e9dita, producida en el a\u00f1o 2021 y no debe haber participado en alguna muestra o concurso previo.<\/li>\n<\/ul>\n<p><strong>RECEPCI\u00d3N DE LA OBRA<\/strong><\/p>\n<p>Del 11 al 25 de mayo hasta las 17:30 p.m.<\/p>\n<p><strong>JURADO<\/strong><\/p>\n<p>El jurado ser\u00e1 elegido por la organizaci\u00f3n y estar\u00e1 compuesto por personas de reconocido prestigio vinculadas al mundo del arte. El fallo ser\u00e1 inapelable, pudiendo quedar premios desiertos si as\u00ed lo considerase el jurado.<\/p>\n<p><strong>PREMIOS<\/strong><\/p>\n<ul>\n<li>1er puesto: Una beca 100% para clases virtuales por dos meses en la modalidad regular de lunes a viernes en todos sus horarios del programa de J\u00f3venes y adultos. (no incluye material).<\/li>\n<li>2do puesto: Media beca 50% para clases virtuales por dos meses en la modalidad regular de lunes a viernes en todos sus horarios del programa de J\u00f3venes y adultos. (no incluye material).<\/li>\n<li>3er puesto: Una beca del 30% para clases virtuales por dos meses en la modalidad regular de lunes a viernes en todos sus horarios del programa de J\u00f3venes y adultos.<\/li>\n<\/ul>\n<p><strong>RESULTADOS<\/strong><\/p>\n<p>Anuncio de ganadores: viernes 28 de mayo del 2021 a trav\u00e9s de nuestras redes sociales oficiales (Facebook).<\/p>\n<p><strong>CONDICIONES GENERALES<\/strong><\/p>\n<ul>\n<li>\u00a0La beca es intransferible.<\/li>\n<li>La beca no incluye materiales de estudio (libros).<\/li>\n<li>La beca puede ser utilizada en el mes de junio y julio respectivamente<\/li>\n<li>Nota m\u00ednima para conservar la beca es de 85 puntos.<\/li>\n<li>La beca para J\u00f3venes y adultos solo es v\u00e1lida para la modalidad de lunes a viernes en cualquier horario (no incluye las modalidades de fin de semana, intensivo o super intensivo).<\/li>\n<li>Los mejores trabajos ser\u00e1n seleccionados para la elaboraci\u00f3n de un cat\u00e1logo virtual.<\/li>\n<\/ul>\n<p><strong>MAYOR INFORMACI\u00d3N<\/strong><\/p>\n<p><strong>TEL\u00c9FONO:<\/strong> 053 484102<\/p>\n<p><strong>CELULAR:<\/strong>: 953612449 &#8211; 953696661<\/p>\n<p><strong>ACEPTACI\u00d3N DE LAS BASES <\/strong><\/p>\n<ul>\n<li>Las obras recibidas por la instituci\u00f3n ser\u00e1n propiedad de la misma y para usarlos solo con fines educativos y culturales, citando al autor.<\/li>\n<\/ul>\n<p>[\/vc_column_text][\/vc_column][vc_column width=\u00bb1\/4&#8243; el_class=\u00bbsiderbar-blog\u00bb][vc_custom_heading text=\u00bbOtros eventos\u00bb font_container=\u00bbtag:p|text_align:center|color:%23ffffff\u00bb use_theme_fonts=\u00bbyes\u00bb link=\u00bburl:https%3A%2F%2Fcultural.edu.pe%2Feventos-academicos%2F\u00bb el_class=\u00bbotras-noticias-titulo\u00bb][vc_basic_grid post_type=\u00bbpost\u00bb max_items=\u00bb2&#8243; element_width=\u00bb12&#8243; gap=\u00bb0&#8243; orderby=\u00bbmeta_value\u00bb item=\u00bb3083&#8243; grid_id=\u00bbvc_gid:1620759264189-6a502831-383c-9&#8243; taxonomies=\u00bb33&#8243; meta_key=\u00bbfecha_completa_del_evento_(a\u00f1o-mes-dia)\u00bb][\/vc_column][\/vc_row][vc_row][vc_column][vc_empty_space height=\u00bb70px\u00bb][\/vc_column][\/vc_row]<\/p>\n","protected":false},"excerpt":{"rendered":"<p>Participa en nuestro evento. Para descubrir mas detalles aqu\u00ed.<\/p>\n","protected":false},"author":7,"featured_media":3099,"comment_status":"closed","ping_status":"closed","sticky":false,"template":"","format":"standard","meta":{"footnotes":""},"categories":[33],"tags":[],"class_list":["post-3098","post","type-post","status-publish","format-standard","has-post-thumbnail","hentry","category-eventos-academico"],"acf":[],"_links":{"self":[{"href":"https:\/\/cultural.edu.pe\/ilo\/wp-json\/wp\/v2\/posts\/3098","targetHints":{"allow":["GET"]}}],"collection":[{"href":"https:\/\/cultural.edu.pe\/ilo\/wp-json\/wp\/v2\/posts"}],"about":[{"href":"https:\/\/cultural.edu.pe\/ilo\/wp-json\/wp\/v2\/types\/post"}],"author":[{"embeddable":true,"href":"https:\/\/cultural.edu.pe\/ilo\/wp-json\/wp\/v2\/users\/7"}],"replies":[{"embeddable":true,"href":"https:\/\/cultural.edu.pe\/ilo\/wp-json\/wp\/v2\/comments?post=3098"}],"version-history":[{"count":4,"href":"https:\/\/cultural.edu.pe\/ilo\/wp-json\/wp\/v2\/posts\/3098\/revisions"}],"predecessor-version":[{"id":3104,"href":"https:\/\/cultural.edu.pe\/ilo\/wp-json\/wp\/v2\/posts\/3098\/revisions\/3104"}],"wp:featuredmedia":[{"embeddable":true,"href":"https:\/\/cultural.edu.pe\/ilo\/wp-json\/wp\/v2\/media\/3099"}],"wp:attachment":[{"href":"https:\/\/cultural.edu.pe\/ilo\/wp-json\/wp\/v2\/media?parent=3098"}],"wp:term":[{"taxonomy":"category","embeddable":true,"href":"https:\/\/cultural.edu.pe\/ilo\/wp-json\/wp\/v2\/categories?post=3098"},{"taxonomy":"post_tag","embeddable":true,"href":"https:\/\/cultural.edu.pe\/ilo\/wp-json\/wp\/v2\/tags?post=3098"}],"curies":[{"name":"wp","href":"https:\/\/api.w.org\/{rel}","templated":true}]}}