{"id":2439,"date":"2020-10-27T01:47:56","date_gmt":"2020-10-27T06:47:56","guid":{"rendered":"https:\/\/cultural.edu.pe\/ilo\/?p=2439"},"modified":"2021-02-16T12:31:39","modified_gmt":"2021-02-16T17:31:39","slug":"concurso-de-canto-pena-cultural","status":"publish","type":"post","link":"https:\/\/cultural.edu.pe\/ilo\/concurso-de-canto-pena-cultural\/","title":{"rendered":"Concurso de canto Pe\u00f1a Cultural"},"content":{"rendered":"<p>[vc_row][vc_column][vc_column_text el_class=\u00bbgo-back-button\u00bb]<img loading=\"lazy\" decoding=\"async\" class=\"alignnone size-full wp-image-920\" src=\"https:\/\/cultural.edu.pe\/ilo\/wp-content\/uploads\/2020\/11\/go-back.png\" alt=\"\" width=\"28\" height=\"28\" srcset=\"https:\/\/cultural.edu.pe\/ilo\/wp-content\/uploads\/2020\/11\/go-back.png 28w, https:\/\/cultural.edu.pe\/ilo\/wp-content\/uploads\/2020\/11\/go-back-20x20.png 20w\" sizes=\"auto, (max-width: 28px) 100vw, 28px\" \/> <span style=\"color: #2e3192;\">Regresar<\/span>[\/vc_column_text][vc_empty_space][\/vc_column][\/vc_row][vc_row][vc_column width=\u00bb3\/4&#8243; el_class=\u00bbcontentido-blog\u00bb][vc_custom_heading source=\u00bbpost_title\u00bb font_container=\u00bbtag:h2|text_align:left|color:%232e3192&#8243; use_theme_fonts=\u00bbyes\u00bb]<div class=\"ult-spacer spacer-69f4d8431e097\" data-id=\"69f4d8431e097\" data-height=\"50\" data-height-mobile=\"30\" data-height-tab=\"50\" data-height-tab-portrait=\"50\" data-height-mobile-landscape=\"30\" style=\"clear:both;display:block;\"><\/div>[vc_row_inner][vc_column_inner width=\u00bb1\/2&#8243;]<div class=\"uavc-list-icon uavc-list-icon-wrapper ult-adjust-bottom-margin eventos-academicos-detalles  \"><ul class=\"uavc-list\"><li><div class=\"uavc-list-content\" id=\"list-icon-wrap-4977\">\n<div class=\"uavc-list-icon  \" data-animation=\"\" data-animation-delay=\"03\" style=\"margin-right:20px;\"><div class=\"ult-just-icon-wrapper  \"><div class=\"align-icon\" style=\"text-align:center;\">\n<div class=\"aio-icon none \"  style=\"color:#dd3333;font-size:30px;display:inline-block;\">\n\t<i class=\"cultural-event-calendar\"><\/i>\n<\/div><\/div><\/div>\n<\/div><span  data-ultimate-target='#list-icon-wrap-4977 .uavc-list-desc'  data-responsive-json-new='{\"font-size\":\"desktop:23px;\",\"line-height\":\"\"}'  class=\"uavc-list-desc ult-responsive\" style=\"font-weight:bold;color:#2e3192;\">27 octubre, 2020<\/span><\/div><\/li><\/ul><\/div>[vc_column_text]\u00a1Festejemos el D\u00eda de la Canci\u00f3n Criolla cantando!<\/p>\n<p>El Cultural te invita a participar del concurso de canto \u201cPe\u00f1a Cultural\u201d, donde deber\u00e1s grabarte cantando el tema criollo que m\u00e1s te guste.<\/p>\n<p>El \u00fanico requisito es que debes de estar matriculado en el Cultural en el mes de octubre y seguir los pasos especificados en las bases del concurso.[\/vc_column_text][\/vc_column_inner][vc_column_inner width=\u00bb1\/2&#8243;][vc_single_image source=\u00bbfeatured_image\u00bb img_size=\u00bbfull\u00bb alignment=\u00bbcenter\u00bb css=\u00bb.vc_custom_1607323665783{border-radius: 35px !important;}\u00bb][\/vc_column_inner][\/vc_row_inner][vc_column_text]<b>Premios<\/b><\/p>\n<p>Se otorgar\u00e1 1 premio para el \u00fanico ganador de cada categor\u00eda<\/p>\n<ul>\n<li>Categor\u00eda ni\u00f1os y adolescentes (de a 13 a\u00f1os)<\/li>\n<\/ul>\n<p>Un almuerzo valorizado en 250 soles para 4 personas<\/p>\n<ul>\n<li>Categor\u00eda J\u00f3venes y adultos (de 14 a\u00f1os a m\u00e1s)<\/li>\n<\/ul>\n<p>Un almuerzo valorizado en 250 soles para 4 personas<\/p>\n<p>Tienes hasta el 27 de octubre para subir tu video e inscribirte. Recuerda que parte del puntaje son los likes en tu video, \u00a1s\u00fabelo lo m\u00e1s pronto posible!<\/p>\n<p><strong>\u00bfC\u00f3mo participo?<\/strong><\/p>\n<p>Publica un video interpretando una canci\u00f3n criolla en tu perfil de facebook, dale like a la cuenta de facebook del Cultural @culturalaqp, etiqu\u00e9tanos y llena el siguiente formulario:\u00a0<b><a href=\"https:\/\/forms.gle\/DfMEHh7NDjWiZBbi8\" target=\"_blank\" rel=\"noopener\">Formulario de\u00a0inscripci\u00f3n<\/a><\/b><\/p>\n<p>Descarga las bases del concurso\u00a0<a href=\"http:\/\/bit.ly\/Bases_Concurso_de_canto_Pe%C3%B1a_Cultural\" target=\"_blank\" rel=\"noopener\"><b>AQU\u00cd<\/b><\/a>[\/vc_column_text]<div class=\"ult-spacer spacer-69f4d8431e24d\" data-id=\"69f4d8431e24d\" data-height=\"50\" data-height-mobile=\"30\" data-height-tab=\"50\" data-height-tab-portrait=\"50\" data-height-mobile-landscape=\"30\" style=\"clear:both;display:block;\"><\/div>[\/vc_column][vc_column width=\u00bb1\/4&#8243; el_class=\u00bbsiderbar-blog\u00bb][vc_custom_heading text=\u00bbOtros eventos\u00bb font_container=\u00bbtag:p|text_align:center|color:%23ffffff\u00bb use_theme_fonts=\u00bbyes\u00bb link=\u00bburl:https%3A%2F%2Fcultural.edu.pe%2Filo%2Fnoticias%2F\u00bb el_class=\u00bbotras-noticias-titulo\u00bb][vc_basic_grid post_type=\u00bbpost\u00bb max_items=\u00bb2&#8243; element_width=\u00bb12&#8243; gap=\u00bb0&#8243; item=\u00bb2288&#8243; grid_id=\u00bbvc_gid:1607799081687-307a59bb-e301-10&#8243; taxonomies=\u00bb33&#8243;][\/vc_column][\/vc_row]<\/p>\n","protected":false},"excerpt":{"rendered":"<p>El Cultural te invita a participar del concurso de canto \u201cPe\u00f1a Cultural\u201d, donde deber\u00e1s grabarte cantando.<\/p>\n","protected":false},"author":2,"featured_media":2016,"comment_status":"open","ping_status":"open","sticky":false,"template":"","format":"standard","meta":{"footnotes":""},"categories":[33],"tags":[],"class_list":["post-2439","post","type-post","status-publish","format-standard","has-post-thumbnail","hentry","category-eventos-academico"],"acf":[],"_links":{"self":[{"href":"https:\/\/cultural.edu.pe\/ilo\/wp-json\/wp\/v2\/posts\/2439","targetHints":{"allow":["GET"]}}],"collection":[{"href":"https:\/\/cultural.edu.pe\/ilo\/wp-json\/wp\/v2\/posts"}],"about":[{"href":"https:\/\/cultural.edu.pe\/ilo\/wp-json\/wp\/v2\/types\/post"}],"author":[{"embeddable":true,"href":"https:\/\/cultural.edu.pe\/ilo\/wp-json\/wp\/v2\/users\/2"}],"replies":[{"embeddable":true,"href":"https:\/\/cultural.edu.pe\/ilo\/wp-json\/wp\/v2\/comments?post=2439"}],"version-history":[{"count":7,"href":"https:\/\/cultural.edu.pe\/ilo\/wp-json\/wp\/v2\/posts\/2439\/revisions"}],"predecessor-version":[{"id":2809,"href":"https:\/\/cultural.edu.pe\/ilo\/wp-json\/wp\/v2\/posts\/2439\/revisions\/2809"}],"wp:featuredmedia":[{"embeddable":true,"href":"https:\/\/cultural.edu.pe\/ilo\/wp-json\/wp\/v2\/media\/2016"}],"wp:attachment":[{"href":"https:\/\/cultural.edu.pe\/ilo\/wp-json\/wp\/v2\/media?parent=2439"}],"wp:term":[{"taxonomy":"category","embeddable":true,"href":"https:\/\/cultural.edu.pe\/ilo\/wp-json\/wp\/v2\/categories?post=2439"},{"taxonomy":"post_tag","embeddable":true,"href":"https:\/\/cultural.edu.pe\/ilo\/wp-json\/wp\/v2\/tags?post=2439"}],"curies":[{"name":"wp","href":"https:\/\/api.w.org\/{rel}","templated":true}]}}