{"id":1976,"date":"2020-11-30T07:34:30","date_gmt":"2020-11-30T12:34:30","guid":{"rendered":"https:\/\/cultural.edu.pe\/ilo\/?p=1976"},"modified":"2023-10-26T10:33:36","modified_gmt":"2023-10-26T15:33:36","slug":"comunicado-ninos-adolescentes-inicio-recuperaciones","status":"publish","type":"post","link":"https:\/\/cultural.edu.pe\/ilo\/comunicado-ninos-adolescentes-inicio-recuperaciones\/","title":{"rendered":"Comunicado Ni\u00f1os y Adolescentes &#8211; Inicio y recuperaciones"},"content":{"rendered":"<p>Estimados padres de familia del programa de ni\u00f1os y adolescente-S\u00e1bados:<\/p>\n<p>Hacemos de su conocimiento las fechas de inicio y fin de ciclo del mes de diciembre:<\/p>\n<ul>\n<li>Inicio y fin de ciclo:<br \/>\n<table>\n<tbody>\n<tr>\n<td style=\"text-align: center;\"><strong>Programa<\/strong><\/td>\n<td style=\"text-align: center;\"><strong>Inicio de clases<\/strong><\/td>\n<td style=\"text-align: center;\"><strong>Fin de ciclo<\/strong><\/td>\n<\/tr>\n<tr>\n<td style=\"text-align: center;\">Ni\u00f1os y adolescentes<\/td>\n<td style=\"text-align: center;\">1ro de diciembre<\/td>\n<td style=\"text-align: center;\">22 de diciembre<\/td>\n<\/tr>\n<\/tbody>\n<\/table>\n<\/li>\n<\/ul>\n<p>Adem\u00e1s, debido a que las clases terminar\u00e1n antes de las fiestas de navidad se est\u00e1n programando fechas para la recuperaci\u00f3n de las mismas, de tal manera que se cumplan con las horas requeridas en el mes para completar el aprendizaje de sus hijos, esto se dar\u00e1 de las siguiente manera:<\/p>\n<ul>\n<li>Horario de recuperaci\u00f3n para el mes de diciembre:<br \/>\n<table>\n<tbody>\n<tr>\n<td style=\"text-align: center;\"><strong>Programa<\/strong><\/td>\n<td style=\"text-align: center;\"><strong>Inicio de clases<\/strong><\/td>\n<td style=\"text-align: center;\"><strong>Fin de ciclo<\/strong><\/td>\n<\/tr>\n<tr>\n<td style=\"text-align: center;\">Ni\u00f1os y adolescentes<\/td>\n<td style=\"text-align: center;\">1ro de diciembre<\/td>\n<td style=\"text-align: center;\">22 de diciembre<\/td>\n<\/tr>\n<\/tbody>\n<\/table>\n<\/li>\n<\/ul>\n<p>Finalmente comentarles que el martes 8 de diciembre las clases se realizar\u00e1n con normalidad.<\/p>\n","protected":false},"excerpt":{"rendered":"<p>Hacemos de su conocimiento las fechas de inicio y fin de ciclo del mes de diciembre<\/p>\n","protected":false},"author":2,"featured_media":1977,"comment_status":"open","ping_status":"open","sticky":false,"template":"","format":"standard","meta":{"footnotes":""},"categories":[3],"tags":[],"class_list":["post-1976","post","type-post","status-publish","format-standard","has-post-thumbnail","hentry","category-noticias"],"acf":[],"_links":{"self":[{"href":"https:\/\/cultural.edu.pe\/ilo\/wp-json\/wp\/v2\/posts\/1976","targetHints":{"allow":["GET"]}}],"collection":[{"href":"https:\/\/cultural.edu.pe\/ilo\/wp-json\/wp\/v2\/posts"}],"about":[{"href":"https:\/\/cultural.edu.pe\/ilo\/wp-json\/wp\/v2\/types\/post"}],"author":[{"embeddable":true,"href":"https:\/\/cultural.edu.pe\/ilo\/wp-json\/wp\/v2\/users\/2"}],"replies":[{"embeddable":true,"href":"https:\/\/cultural.edu.pe\/ilo\/wp-json\/wp\/v2\/comments?post=1976"}],"version-history":[{"count":9,"href":"https:\/\/cultural.edu.pe\/ilo\/wp-json\/wp\/v2\/posts\/1976\/revisions"}],"predecessor-version":[{"id":3451,"href":"https:\/\/cultural.edu.pe\/ilo\/wp-json\/wp\/v2\/posts\/1976\/revisions\/3451"}],"wp:featuredmedia":[{"embeddable":true,"href":"https:\/\/cultural.edu.pe\/ilo\/wp-json\/wp\/v2\/media\/1977"}],"wp:attachment":[{"href":"https:\/\/cultural.edu.pe\/ilo\/wp-json\/wp\/v2\/media?parent=1976"}],"wp:term":[{"taxonomy":"category","embeddable":true,"href":"https:\/\/cultural.edu.pe\/ilo\/wp-json\/wp\/v2\/categories?post=1976"},{"taxonomy":"post_tag","embeddable":true,"href":"https:\/\/cultural.edu.pe\/ilo\/wp-json\/wp\/v2\/tags?post=1976"}],"curies":[{"name":"wp","href":"https:\/\/api.w.org\/{rel}","templated":true}]}}